{"id":6004,"date":"2025-06-10T11:32:02","date_gmt":"2025-06-10T09:32:02","guid":{"rendered":"http:\/\/monbitcoin.fr\/index.php\/2025\/06\/10\/le-patron-de-telegram-revient-sur-son-interpellation-en-france-et-vide-son-sac\/"},"modified":"2025-06-10T11:32:02","modified_gmt":"2025-06-10T09:32:02","slug":"le-patron-de-telegram-revient-sur-son-interpellation-en-france-et-vide-son-sac","status":"publish","type":"post","link":"https:\/\/monbitcoin.fr\/index.php\/2025\/06\/10\/le-patron-de-telegram-revient-sur-son-interpellation-en-france-et-vide-son-sac\/","title":{"rendered":"Le patron de Telegram revient sur son interpellation en France et vide son sac"},"content":{"rendered":"<div>\n<div><img loading=\"lazy\" width=\"1200\" height=\"800\" src=\"https:\/\/www.cointribune.com\/app\/uploads\/2025\/06\/telegram-durov-france.png\" class=\"attachment-full size-full wp-post-image\" alt=\"Homme barbu ressemblant \u00e0 Durov, costume noir, chemise entrouverte. Assis \u00e0 une table, expression intense, les mains sur un sac renvers\u00e9. Du sac s\u2019\u00e9chappent : un passeport, un t\u00e9l\u00e9phone affichant le logo Telegram, des menottes bris\u00e9es, un micro de podcast\" decoding=\"async\" style=\"margin-bottom: 15px;\" srcset=\"https:\/\/www.cointribune.com\/app\/uploads\/2025\/06\/telegram-durov-france.png 1200w, https:\/\/www.cointribune.com\/app\/uploads\/2025\/06\/telegram-durov-france-300x200.png 300w, https:\/\/www.cointribune.com\/app\/uploads\/2025\/06\/telegram-durov-france-1024x683.png 1024w, https:\/\/www.cointribune.com\/app\/uploads\/2025\/06\/telegram-durov-france-768x512.png 768w\" sizes=\"(max-width: 1200px) 100vw, 1200px\"><\/div>\n<p>Neuf mois apr\u00e8s son interpellation spectaculaire \u00e0 l&rsquo;a\u00e9roport du Bourget, le fondateur de Telegram, livre sa premi\u00e8re interview t\u00e9l\u00e9vis\u00e9e \u00e0 Tucker Carlson. Entre incompr\u00e9hension et d\u00e9fiance, Pavel Durov conteste fermement les accusations fran\u00e7aises. Que cache vraiment cette affaire qui a secou\u00e9 le monde de la tech ?<\/p>\n<p>L\u2019article <a rel=\"nofollow\" href=\"https:\/\/www.cointribune.com\/le-patron-de-telegram-revient-sur-son-interpellation-en-france-et-vide-son-sac\/\">Le patron de Telegram revient sur son interpellation en France et vide son sac<\/a> est apparu en premier sur <a rel=\"nofollow\" href=\"https:\/\/www.cointribune.com\/\">Cointribune<\/a>.<\/p>\n<\/div>\n","protected":false},"excerpt":{"rendered":"<p>Neuf mois apr\u00e8s son interpellation spectaculaire \u00e0 l&rsquo;a\u00e9roport du Bourget, le fondateur de Telegram, livre sa premi\u00e8re interview t\u00e9l\u00e9vis\u00e9e \u00e0&#8230;<\/p>\n","protected":false},"author":1,"featured_media":0,"comment_status":"closed","ping_status":"closed","sticky":false,"template":"","format":"standard","meta":{"footnotes":""},"categories":[3],"tags":[],"class_list":["post-6004","post","type-post","status-publish","format-standard","hentry","category-dernier-articles","wpcat-3-id"],"_links":{"self":[{"href":"https:\/\/monbitcoin.fr\/index.php\/wp-json\/wp\/v2\/posts\/6004"}],"collection":[{"href":"https:\/\/monbitcoin.fr\/index.php\/wp-json\/wp\/v2\/posts"}],"about":[{"href":"https:\/\/monbitcoin.fr\/index.php\/wp-json\/wp\/v2\/types\/post"}],"author":[{"embeddable":true,"href":"https:\/\/monbitcoin.fr\/index.php\/wp-json\/wp\/v2\/users\/1"}],"replies":[{"embeddable":true,"href":"https:\/\/monbitcoin.fr\/index.php\/wp-json\/wp\/v2\/comments?post=6004"}],"version-history":[{"count":0,"href":"https:\/\/monbitcoin.fr\/index.php\/wp-json\/wp\/v2\/posts\/6004\/revisions"}],"wp:attachment":[{"href":"https:\/\/monbitcoin.fr\/index.php\/wp-json\/wp\/v2\/media?parent=6004"}],"wp:term":[{"taxonomy":"category","embeddable":true,"href":"https:\/\/monbitcoin.fr\/index.php\/wp-json\/wp\/v2\/categories?post=6004"},{"taxonomy":"post_tag","embeddable":true,"href":"https:\/\/monbitcoin.fr\/index.php\/wp-json\/wp\/v2\/tags?post=6004"}],"curies":[{"name":"wp","href":"https:\/\/api.w.org\/{rel}","templated":true}]}}