{"id":1926,"date":"2024-12-22T13:31:34","date_gmt":"2024-12-22T12:31:34","guid":{"rendered":"https:\/\/monbitcoin.fr\/index.php\/2024\/12\/22\/un-etf-bitcoin-ecologique-bientot-approuve-par-la-sec\/"},"modified":"2024-12-22T13:31:34","modified_gmt":"2024-12-22T12:31:34","slug":"un-etf-bitcoin-ecologique-bientot-approuve-par-la-sec","status":"publish","type":"post","link":"https:\/\/monbitcoin.fr\/index.php\/2024\/12\/22\/un-etf-bitcoin-ecologique-bientot-approuve-par-la-sec\/","title":{"rendered":"Un ETF Bitcoin \u00e9cologique bient\u00f4t approuv\u00e9 par la SEC"},"content":{"rendered":"<div>\n<div><img loading=\"lazy\" width=\"1200\" height=\"800\" src=\"https:\/\/www.cointribune.com\/app\/uploads\/2024\/12\/IMG_1322.jpeg\" class=\"attachment-full size-full wp-post-image\" alt=\"Un investisseur pr\u00e9sentant un arbres aux fruits bitcoin aux responsables de la SEC\" decoding=\"async\" style=\"margin-bottom: 15px;\" srcset=\"https:\/\/www.cointribune.com\/app\/uploads\/2024\/12\/IMG_1322.jpeg 1200w, https:\/\/www.cointribune.com\/app\/uploads\/2024\/12\/IMG_1322-300x200.jpeg 300w, https:\/\/www.cointribune.com\/app\/uploads\/2024\/12\/IMG_1322-1024x683.jpeg 1024w, https:\/\/www.cointribune.com\/app\/uploads\/2024\/12\/IMG_1322-768x512.jpeg 768w\" sizes=\"(max-width: 1200px) 100vw, 1200px\"><\/div>\n<p>Nate Geraci, un expert reconnu dans le domaine des ETF Bitcoin, a r\u00e9cemment exprim\u00e9 son optimisme quant au lancement d&rsquo;un fonds inhabituel propos\u00e9 par Nexo, un acteur majeur de la fintech. Ce fonds, nomm\u00e9 Nexo 7RCC, combine des investissements en bitcoin au comptant et en contrats \u00e0 terme sur les cr\u00e9dits carbone, une premi\u00e8re dans le secteur des ETF.<\/p>\n<p>L\u2019article <a rel=\"nofollow\" href=\"https:\/\/www.cointribune.com\/un-etf-bitcoin-ecologique-bientot-approuve-par-la-sec\/\">Un ETF Bitcoin \u00e9cologique bient\u00f4t approuv\u00e9 par la SEC<\/a> est apparu en premier sur <a rel=\"nofollow\" href=\"https:\/\/www.cointribune.com\/\">Cointribune<\/a>.<\/p>\n<\/div>\n","protected":false},"excerpt":{"rendered":"<p>Nate Geraci, un expert reconnu dans le domaine des ETF Bitcoin, a r\u00e9cemment exprim\u00e9 son optimisme quant au lancement d&rsquo;un&#8230;<\/p>\n","protected":false},"author":1,"featured_media":0,"comment_status":"closed","ping_status":"closed","sticky":false,"template":"","format":"standard","meta":{"footnotes":""},"categories":[3],"tags":[],"class_list":["post-1926","post","type-post","status-publish","format-standard","hentry","category-dernier-articles","wpcat-3-id"],"_links":{"self":[{"href":"https:\/\/monbitcoin.fr\/index.php\/wp-json\/wp\/v2\/posts\/1926"}],"collection":[{"href":"https:\/\/monbitcoin.fr\/index.php\/wp-json\/wp\/v2\/posts"}],"about":[{"href":"https:\/\/monbitcoin.fr\/index.php\/wp-json\/wp\/v2\/types\/post"}],"author":[{"embeddable":true,"href":"https:\/\/monbitcoin.fr\/index.php\/wp-json\/wp\/v2\/users\/1"}],"replies":[{"embeddable":true,"href":"https:\/\/monbitcoin.fr\/index.php\/wp-json\/wp\/v2\/comments?post=1926"}],"version-history":[{"count":0,"href":"https:\/\/monbitcoin.fr\/index.php\/wp-json\/wp\/v2\/posts\/1926\/revisions"}],"wp:attachment":[{"href":"https:\/\/monbitcoin.fr\/index.php\/wp-json\/wp\/v2\/media?parent=1926"}],"wp:term":[{"taxonomy":"category","embeddable":true,"href":"https:\/\/monbitcoin.fr\/index.php\/wp-json\/wp\/v2\/categories?post=1926"},{"taxonomy":"post_tag","embeddable":true,"href":"https:\/\/monbitcoin.fr\/index.php\/wp-json\/wp\/v2\/tags?post=1926"}],"curies":[{"name":"wp","href":"https:\/\/api.w.org\/{rel}","templated":true}]}}