{"id":1443,"date":"2024-12-01T12:34:58","date_gmt":"2024-12-01T11:34:58","guid":{"rendered":"https:\/\/monbitcoin.fr\/index.php\/2024\/12\/01\/crypto-les-memecoins-condamnent-ils-le-web3-le-cofondateur-de-metamask-salarme\/"},"modified":"2024-12-01T12:34:58","modified_gmt":"2024-12-01T11:34:58","slug":"crypto-les-memecoins-condamnent-ils-le-web3-le-cofondateur-de-metamask-salarme","status":"publish","type":"post","link":"https:\/\/monbitcoin.fr\/index.php\/2024\/12\/01\/crypto-les-memecoins-condamnent-ils-le-web3-le-cofondateur-de-metamask-salarme\/","title":{"rendered":"Crypto : les memecoins condamnent-ils le Web3 ? Le cofondateur de MetaMask s\u2019alarme"},"content":{"rendered":"<div>\n<div><img loading=\"lazy\" width=\"1200\" height=\"800\" src=\"https:\/\/www.cointribune.com\/app\/uploads\/2024\/11\/Ethereum-Chien.png\" class=\"attachment-full size-full wp-post-image\" alt=\"Crypto Web3 memecoins\" decoding=\"async\" style=\"margin-bottom: 15px;\" srcset=\"https:\/\/www.cointribune.com\/app\/uploads\/2024\/11\/Ethereum-Chien.png 1200w, https:\/\/www.cointribune.com\/app\/uploads\/2024\/11\/Ethereum-Chien-300x200.png 300w, https:\/\/www.cointribune.com\/app\/uploads\/2024\/11\/Ethereum-Chien-1024x683.png 1024w, https:\/\/www.cointribune.com\/app\/uploads\/2024\/11\/Ethereum-Chien-768x512.png 768w\" sizes=\"(max-width: 1200px) 100vw, 1200px\"><\/div>\n<p>Les memecoins, ces jetons l\u00e9gers souvent per\u00e7us comme inoffensifs, pourraient bien \u00eatre le talon d&rsquo;Achille du Web3. Dan Finlay, cofondateur de MetaMask, a r\u00e9cemment explor\u00e9 leur impact \u00e0 travers une exp\u00e9rience audacieuse. Ses conclusions ? Un Web3 fragilis\u00e9 par le manque de consentement, de transparence et de responsabilit\u00e9. Une r\u00e9flexion qui bouscule les certitudes de l\u2019\u00e9cosyst\u00e8me crypto.<\/p>\n<p>L\u2019article <a rel=\"nofollow\" href=\"https:\/\/www.cointribune.com\/crypto-les-memecoins-condamnent-ils-le-web3-le-cofondateur-de-metamask-salarme\/\">Crypto : les memecoins condamnent-ils le Web3 ? Le cofondateur de MetaMask s\u2019alarme<\/a> est apparu en premier sur <a rel=\"nofollow\" href=\"https:\/\/www.cointribune.com\/\">Cointribune<\/a>.<\/p>\n<\/div>\n","protected":false},"excerpt":{"rendered":"<p>Les memecoins, ces jetons l\u00e9gers souvent per\u00e7us comme inoffensifs, pourraient bien \u00eatre le talon d&rsquo;Achille du Web3. Dan Finlay, cofondateur&#8230;<\/p>\n","protected":false},"author":1,"featured_media":0,"comment_status":"closed","ping_status":"closed","sticky":false,"template":"","format":"standard","meta":{"footnotes":""},"categories":[3],"tags":[],"class_list":["post-1443","post","type-post","status-publish","format-standard","hentry","category-dernier-articles","wpcat-3-id"],"_links":{"self":[{"href":"https:\/\/monbitcoin.fr\/index.php\/wp-json\/wp\/v2\/posts\/1443"}],"collection":[{"href":"https:\/\/monbitcoin.fr\/index.php\/wp-json\/wp\/v2\/posts"}],"about":[{"href":"https:\/\/monbitcoin.fr\/index.php\/wp-json\/wp\/v2\/types\/post"}],"author":[{"embeddable":true,"href":"https:\/\/monbitcoin.fr\/index.php\/wp-json\/wp\/v2\/users\/1"}],"replies":[{"embeddable":true,"href":"https:\/\/monbitcoin.fr\/index.php\/wp-json\/wp\/v2\/comments?post=1443"}],"version-history":[{"count":0,"href":"https:\/\/monbitcoin.fr\/index.php\/wp-json\/wp\/v2\/posts\/1443\/revisions"}],"wp:attachment":[{"href":"https:\/\/monbitcoin.fr\/index.php\/wp-json\/wp\/v2\/media?parent=1443"}],"wp:term":[{"taxonomy":"category","embeddable":true,"href":"https:\/\/monbitcoin.fr\/index.php\/wp-json\/wp\/v2\/categories?post=1443"},{"taxonomy":"post_tag","embeddable":true,"href":"https:\/\/monbitcoin.fr\/index.php\/wp-json\/wp\/v2\/tags?post=1443"}],"curies":[{"name":"wp","href":"https:\/\/api.w.org\/{rel}","templated":true}]}}