{"id":13382,"date":"2026-04-26T12:31:04","date_gmt":"2026-04-26T10:31:04","guid":{"rendered":"https:\/\/monbitcoin.fr\/index.php\/2026\/04\/26\/letf-bitcoin-de-blackrock-franchit-un-cap-historique-face-a-deribit\/"},"modified":"2026-04-26T12:31:04","modified_gmt":"2026-04-26T10:31:04","slug":"letf-bitcoin-de-blackrock-franchit-un-cap-historique-face-a-deribit","status":"publish","type":"post","link":"https:\/\/monbitcoin.fr\/index.php\/2026\/04\/26\/letf-bitcoin-de-blackrock-franchit-un-cap-historique-face-a-deribit\/","title":{"rendered":"L\u2019ETF Bitcoin de BlackRock franchit un cap historique face \u00e0 Deribit"},"content":{"rendered":"<div>\n<div><img loading=\"lazy\" width=\"1200\" height=\"800\" src=\"https:\/\/www.cointribune.com\/app\/uploads\/2026\/04\/Bitcoin-BlackRock-Deribit.png\" class=\"attachment-full size-full wp-post-image\" alt=\"Un analyste incarnant BlackRock observe un graphique abstrait en relief, compos\u00e9 uniquement de lignes et formes dynamiques. La courbe principale explose vers le haut en une trajectoire puissante, prenant une forme presque physique, comme une vague d\u2019\u00e9nergie. Au c\u0153ur de cette mont\u00e9e, une sph\u00e8re inspir\u00e9e du Bitcoin irradie une lumi\u00e8re orange intense.\" decoding=\"async\" style=\"margin-bottom: 15px;\" srcset=\"https:\/\/www.cointribune.com\/app\/uploads\/2026\/04\/Bitcoin-BlackRock-Deribit.png 1200w, https:\/\/www.cointribune.com\/app\/uploads\/2026\/04\/Bitcoin-BlackRock-Deribit-300x200.png 300w, https:\/\/www.cointribune.com\/app\/uploads\/2026\/04\/Bitcoin-BlackRock-Deribit-1024x683.png 1024w, https:\/\/www.cointribune.com\/app\/uploads\/2026\/04\/Bitcoin-BlackRock-Deribit-768x512.png 768w\" sizes=\"(max-width: 1200px) 100vw, 1200px\"><\/div>\n<p>Le march\u00e9 du bitcoin change de dimension. En effet, l\u2019ETF de BlackRock vient de d\u00e9passer un acteur historique des d\u00e9riv\u00e9s crypto, marquant un tournant dans l\u2019organisation du secteur. Ce d\u00e9passement ne rel\u00e8ve pas d\u2019un simple record, mais il traduit une progression rapide des march\u00e9s r\u00e9gul\u00e9s face aux plateformes offshore. Cette \u00e9volution red\u00e9finit les \u00e9quilibres et confirme l\u2019ancrage du bitcoin dans la finance traditionnelle.<\/p>\n<p>L\u2019article <a rel=\"nofollow\" href=\"https:\/\/www.cointribune.com\/letf-bitcoin-de-blackrock-franchit-un-cap-historique-face-a-deribit\/\">L\u2019ETF Bitcoin de BlackRock franchit un cap historique face \u00e0 Deribit<\/a> est apparu en premier sur <a rel=\"nofollow\" href=\"https:\/\/www.cointribune.com\/\">Cointribune<\/a>.<\/p>\n<\/div>\n","protected":false},"excerpt":{"rendered":"<p>Le march\u00e9 du bitcoin change de dimension. En effet, l\u2019ETF de BlackRock vient de d\u00e9passer un acteur historique des d\u00e9riv\u00e9s&#8230;<\/p>\n","protected":false},"author":1,"featured_media":0,"comment_status":"closed","ping_status":"closed","sticky":false,"template":"","format":"standard","meta":{"footnotes":""},"categories":[3],"tags":[],"class_list":["post-13382","post","type-post","status-publish","format-standard","hentry","category-dernier-articles","wpcat-3-id"],"_links":{"self":[{"href":"https:\/\/monbitcoin.fr\/index.php\/wp-json\/wp\/v2\/posts\/13382"}],"collection":[{"href":"https:\/\/monbitcoin.fr\/index.php\/wp-json\/wp\/v2\/posts"}],"about":[{"href":"https:\/\/monbitcoin.fr\/index.php\/wp-json\/wp\/v2\/types\/post"}],"author":[{"embeddable":true,"href":"https:\/\/monbitcoin.fr\/index.php\/wp-json\/wp\/v2\/users\/1"}],"replies":[{"embeddable":true,"href":"https:\/\/monbitcoin.fr\/index.php\/wp-json\/wp\/v2\/comments?post=13382"}],"version-history":[{"count":0,"href":"https:\/\/monbitcoin.fr\/index.php\/wp-json\/wp\/v2\/posts\/13382\/revisions"}],"wp:attachment":[{"href":"https:\/\/monbitcoin.fr\/index.php\/wp-json\/wp\/v2\/media?parent=13382"}],"wp:term":[{"taxonomy":"category","embeddable":true,"href":"https:\/\/monbitcoin.fr\/index.php\/wp-json\/wp\/v2\/categories?post=13382"},{"taxonomy":"post_tag","embeddable":true,"href":"https:\/\/monbitcoin.fr\/index.php\/wp-json\/wp\/v2\/tags?post=13382"}],"curies":[{"name":"wp","href":"https:\/\/api.w.org\/{rel}","templated":true}]}}