{"id":12353,"date":"2026-03-09T09:31:43","date_gmt":"2026-03-09T08:31:43","guid":{"rendered":"https:\/\/monbitcoin.fr\/index.php\/2026\/03\/09\/le-web3-nest-plus-a-la-mode-et-cest-la-meilleure-chose-qui-pouvait-lui-arriver-echange-avec-valentin-deme-fondateur-de-cube\/"},"modified":"2026-03-09T09:31:43","modified_gmt":"2026-03-09T08:31:43","slug":"le-web3-nest-plus-a-la-mode-et-cest-la-meilleure-chose-qui-pouvait-lui-arriver-echange-avec-valentin-deme-fondateur-de-cube","status":"publish","type":"post","link":"https:\/\/monbitcoin.fr\/index.php\/2026\/03\/09\/le-web3-nest-plus-a-la-mode-et-cest-la-meilleure-chose-qui-pouvait-lui-arriver-echange-avec-valentin-deme-fondateur-de-cube\/","title":{"rendered":"\u00ab Le Web3 n&rsquo;est plus \u00e0 la mode et c&rsquo;est la meilleure chose qui pouvait lui arriver \u00bb \u2013 \u00c9change avec Valentin Dem\u00e9, fondateur de Cube"},"content":{"rendered":"<div>\n<p>Dans cet \u00e9pisode, Valentin Dem\u00e9, fondateur de Cube, revient sur l\u2019\u00e9volution de l\u2019\u00e9cosyst\u00e8me crypto et entrepreneurial ces derni\u00e8res ann\u00e9es, entre fin de la sp\u00e9culation facile, maturation du march\u00e9 et concurrence croissante de l\u2019intelligence artificielle. Il partage son exp\u00e9rience aupr\u00e8s de startups accompagn\u00e9es par Cube, les cl\u00e9s pour r\u00e9ussir quand on lance un projet et les r\u00e9alit\u00e9s de la lev\u00e9e de fonds en Europe.<\/p>\n<p>L\u2019article <a href=\"https:\/\/cryptoast.fr\/le-web3-nest-plus-a-la-mode-et-cest-la-meilleure-chose-qui-pouvait-lui-arriver-echange-avec-valentin-deme-fondateur-de-cube\/\">\u00ab Le Web3 n&rsquo;est plus \u00e0 la mode et c&rsquo;est la meilleure chose qui pouvait lui arriver \u00bb \u2013 \u00c9change avec Valentin Dem\u00e9, fondateur de Cube<\/a> est apparu en premier sur <a href=\"https:\/\/cryptoast.fr\/\">Cryptoast<\/a>.<\/p>\n<\/div>\n","protected":false},"excerpt":{"rendered":"<p>Dans cet \u00e9pisode, Valentin Dem\u00e9, fondateur de Cube, revient sur l\u2019\u00e9volution de l\u2019\u00e9cosyst\u00e8me crypto et entrepreneurial ces derni\u00e8res ann\u00e9es, entre&#8230;<\/p>\n","protected":false},"author":1,"featured_media":0,"comment_status":"closed","ping_status":"closed","sticky":false,"template":"","format":"standard","meta":{"footnotes":""},"categories":[3],"tags":[],"class_list":["post-12353","post","type-post","status-publish","format-standard","hentry","category-dernier-articles","wpcat-3-id"],"_links":{"self":[{"href":"https:\/\/monbitcoin.fr\/index.php\/wp-json\/wp\/v2\/posts\/12353"}],"collection":[{"href":"https:\/\/monbitcoin.fr\/index.php\/wp-json\/wp\/v2\/posts"}],"about":[{"href":"https:\/\/monbitcoin.fr\/index.php\/wp-json\/wp\/v2\/types\/post"}],"author":[{"embeddable":true,"href":"https:\/\/monbitcoin.fr\/index.php\/wp-json\/wp\/v2\/users\/1"}],"replies":[{"embeddable":true,"href":"https:\/\/monbitcoin.fr\/index.php\/wp-json\/wp\/v2\/comments?post=12353"}],"version-history":[{"count":0,"href":"https:\/\/monbitcoin.fr\/index.php\/wp-json\/wp\/v2\/posts\/12353\/revisions"}],"wp:attachment":[{"href":"https:\/\/monbitcoin.fr\/index.php\/wp-json\/wp\/v2\/media?parent=12353"}],"wp:term":[{"taxonomy":"category","embeddable":true,"href":"https:\/\/monbitcoin.fr\/index.php\/wp-json\/wp\/v2\/categories?post=12353"},{"taxonomy":"post_tag","embeddable":true,"href":"https:\/\/monbitcoin.fr\/index.php\/wp-json\/wp\/v2\/tags?post=12353"}],"curies":[{"name":"wp","href":"https:\/\/api.w.org\/{rel}","templated":true}]}}