{"id":12145,"date":"2026-02-26T16:31:51","date_gmt":"2026-02-26T15:31:51","guid":{"rendered":"https:\/\/monbitcoin.fr\/index.php\/2026\/02\/26\/paolo-ardoino-enflamme-x-et-revele-lia-locale-de-tether\/"},"modified":"2026-02-26T16:31:51","modified_gmt":"2026-02-26T15:31:51","slug":"paolo-ardoino-enflamme-x-et-revele-lia-locale-de-tether","status":"publish","type":"post","link":"https:\/\/monbitcoin.fr\/index.php\/2026\/02\/26\/paolo-ardoino-enflamme-x-et-revele-lia-locale-de-tether\/","title":{"rendered":"Paolo Ardoino enflamme X et r\u00e9v\u00e8le l\u2019IA locale de Tether"},"content":{"rendered":"<div>\n<div><img loading=\"lazy\" width=\"1200\" height=\"800\" src=\"https:\/\/www.cointribune.com\/app\/uploads\/2026\/02\/tether-ia.png\" class=\"attachment-full size-full wp-post-image\" alt=\"Visionnaire d\u00e9termin\u00e9 brandit une IA lumineuse, tandis que le logo Tether surgit d\u2019un nuage explosif, d\u00e9fiant l\u2019\u00e8re du cloud.\" decoding=\"async\" style=\"margin-bottom: 15px;\" srcset=\"https:\/\/www.cointribune.com\/app\/uploads\/2026\/02\/tether-ia.png 1200w, https:\/\/www.cointribune.com\/app\/uploads\/2026\/02\/tether-ia-300x200.png 300w, https:\/\/www.cointribune.com\/app\/uploads\/2026\/02\/tether-ia-1024x683.png 1024w, https:\/\/www.cointribune.com\/app\/uploads\/2026\/02\/tether-ia-768x512.png 768w\" sizes=\"(max-width: 1200px) 100vw, 1200px\"><\/div>\n<p>Paolo Ardoino, PDG de Tether, a r\u00e9cemment publi\u00e9 une courte vid\u00e9o sur X. Aucun titre, aucun commentaire, aucun indice. En quelques minutes, la sph\u00e8re crypto s&rsquo;est enflamm\u00e9e. Derri\u00e8re ce silence se cachait pourtant bien plus qu&rsquo;un simple teaser\u00a0: la d\u00e9monstration de maturit\u00e9 de QVAC, le projet d&rsquo;intelligence artificielle souveraine que Tether d\u00e9veloppe en silence depuis plusieurs mois.<\/p>\n<p>L\u2019article <a rel=\"nofollow\" href=\"https:\/\/www.cointribune.com\/paolo-ardoino-enflamme-x-et-revele-lia-locale-de-tether\/\">Paolo Ardoino enflamme X et r\u00e9v\u00e8le l\u2019IA locale de Tether<\/a> est apparu en premier sur <a rel=\"nofollow\" href=\"https:\/\/www.cointribune.com\/\">Cointribune<\/a>.<\/p>\n<\/div>\n","protected":false},"excerpt":{"rendered":"<p>Paolo Ardoino, PDG de Tether, a r\u00e9cemment publi\u00e9 une courte vid\u00e9o sur X. Aucun titre, aucun commentaire, aucun indice. En&#8230;<\/p>\n","protected":false},"author":1,"featured_media":0,"comment_status":"closed","ping_status":"closed","sticky":false,"template":"","format":"standard","meta":{"footnotes":""},"categories":[3],"tags":[],"class_list":["post-12145","post","type-post","status-publish","format-standard","hentry","category-dernier-articles","wpcat-3-id"],"_links":{"self":[{"href":"https:\/\/monbitcoin.fr\/index.php\/wp-json\/wp\/v2\/posts\/12145"}],"collection":[{"href":"https:\/\/monbitcoin.fr\/index.php\/wp-json\/wp\/v2\/posts"}],"about":[{"href":"https:\/\/monbitcoin.fr\/index.php\/wp-json\/wp\/v2\/types\/post"}],"author":[{"embeddable":true,"href":"https:\/\/monbitcoin.fr\/index.php\/wp-json\/wp\/v2\/users\/1"}],"replies":[{"embeddable":true,"href":"https:\/\/monbitcoin.fr\/index.php\/wp-json\/wp\/v2\/comments?post=12145"}],"version-history":[{"count":0,"href":"https:\/\/monbitcoin.fr\/index.php\/wp-json\/wp\/v2\/posts\/12145\/revisions"}],"wp:attachment":[{"href":"https:\/\/monbitcoin.fr\/index.php\/wp-json\/wp\/v2\/media?parent=12145"}],"wp:term":[{"taxonomy":"category","embeddable":true,"href":"https:\/\/monbitcoin.fr\/index.php\/wp-json\/wp\/v2\/categories?post=12145"},{"taxonomy":"post_tag","embeddable":true,"href":"https:\/\/monbitcoin.fr\/index.php\/wp-json\/wp\/v2\/tags?post=12145"}],"curies":[{"name":"wp","href":"https:\/\/api.w.org\/{rel}","templated":true}]}}