{"id":11744,"date":"2026-02-09T20:31:48","date_gmt":"2026-02-09T19:31:48","guid":{"rendered":"https:\/\/monbitcoin.fr\/index.php\/2026\/02\/09\/personne-nen-veut-les-vcs-sceptiques-face-aux-cas-dusage-non-financiers-du-web3\/"},"modified":"2026-02-09T20:31:48","modified_gmt":"2026-02-09T19:31:48","slug":"personne-nen-veut-les-vcs-sceptiques-face-aux-cas-dusage-non-financiers-du-web3","status":"publish","type":"post","link":"https:\/\/monbitcoin.fr\/index.php\/2026\/02\/09\/personne-nen-veut-les-vcs-sceptiques-face-aux-cas-dusage-non-financiers-du-web3\/","title":{"rendered":"\u00ab\u00a0Personne n\u2019en veut\u00a0\u00bb\u00a0: Les VCs sceptiques face aux cas d\u2019usage non financiers du Web3"},"content":{"rendered":"<div>\n<div><img loading=\"lazy\" width=\"1200\" height=\"800\" src=\"https:\/\/www.cointribune.com\/app\/uploads\/2026\/02\/Crypto-VCs-debate.png\" class=\"attachment-full size-full wp-post-image\" alt=\"Deux \u00e9quipes de capital-risque sp\u00e9cialis\u00e9es dans les cryptomonnaies se livrent \u00e0 un bras de fer acharn\u00e9 autour d'un orbe lumineux, des papiers volant dans un d\u00e9cor urbain.\" decoding=\"async\" style=\"margin-bottom: 15px;\" srcset=\"https:\/\/www.cointribune.com\/app\/uploads\/2026\/02\/Crypto-VCs-debate.png 1200w, https:\/\/www.cointribune.com\/app\/uploads\/2026\/02\/Crypto-VCs-debate-300x200.png 300w, https:\/\/www.cointribune.com\/app\/uploads\/2026\/02\/Crypto-VCs-debate-1024x683.png 1024w, https:\/\/www.cointribune.com\/app\/uploads\/2026\/02\/Crypto-VCs-debate-768x512.png 768w\" sizes=\"(max-width: 1200px) 100vw, 1200px\"><\/div>\n<p>Les principaux VCs d\u00e9battent des raisons pour lesquelles les cas d&rsquo;usage non financiers de la crypto et du Web3 ont eu du mal, pesant la faible demande face aux d\u00e9fis r\u00e9glementaires et op\u00e9rationnels.<\/p>\n<p>L\u2019article <a rel=\"nofollow\" href=\"https:\/\/www.cointribune.com\/personne-nen-veut-les-vcs-sceptiques-face-aux-cas-dusage-non-financiers-du-web3\/\">\u00ab\u00a0Personne n\u2019en veut\u00a0\u00bb\u00a0: Les VCs sceptiques face aux cas d\u2019usage non financiers du Web3<\/a> est apparu en premier sur <a rel=\"nofollow\" href=\"https:\/\/www.cointribune.com\/\">Cointribune<\/a>.<\/p>\n<\/div>\n","protected":false},"excerpt":{"rendered":"<p>Les principaux VCs d\u00e9battent des raisons pour lesquelles les cas d&rsquo;usage non financiers de la crypto et du Web3 ont&#8230;<\/p>\n","protected":false},"author":1,"featured_media":0,"comment_status":"closed","ping_status":"closed","sticky":false,"template":"","format":"standard","meta":{"footnotes":""},"categories":[3],"tags":[],"class_list":["post-11744","post","type-post","status-publish","format-standard","hentry","category-dernier-articles","wpcat-3-id"],"_links":{"self":[{"href":"https:\/\/monbitcoin.fr\/index.php\/wp-json\/wp\/v2\/posts\/11744"}],"collection":[{"href":"https:\/\/monbitcoin.fr\/index.php\/wp-json\/wp\/v2\/posts"}],"about":[{"href":"https:\/\/monbitcoin.fr\/index.php\/wp-json\/wp\/v2\/types\/post"}],"author":[{"embeddable":true,"href":"https:\/\/monbitcoin.fr\/index.php\/wp-json\/wp\/v2\/users\/1"}],"replies":[{"embeddable":true,"href":"https:\/\/monbitcoin.fr\/index.php\/wp-json\/wp\/v2\/comments?post=11744"}],"version-history":[{"count":0,"href":"https:\/\/monbitcoin.fr\/index.php\/wp-json\/wp\/v2\/posts\/11744\/revisions"}],"wp:attachment":[{"href":"https:\/\/monbitcoin.fr\/index.php\/wp-json\/wp\/v2\/media?parent=11744"}],"wp:term":[{"taxonomy":"category","embeddable":true,"href":"https:\/\/monbitcoin.fr\/index.php\/wp-json\/wp\/v2\/categories?post=11744"},{"taxonomy":"post_tag","embeddable":true,"href":"https:\/\/monbitcoin.fr\/index.php\/wp-json\/wp\/v2\/tags?post=11744"}],"curies":[{"name":"wp","href":"https:\/\/api.w.org\/{rel}","templated":true}]}}