{"id":11678,"date":"2026-02-06T08:32:25","date_gmt":"2026-02-06T07:32:25","guid":{"rendered":"https:\/\/monbitcoin.fr\/index.php\/2026\/02\/06\/le-marche-crypto-bascule-dans-la-peur-extreme\/"},"modified":"2026-02-06T08:32:25","modified_gmt":"2026-02-06T07:32:25","slug":"le-marche-crypto-bascule-dans-la-peur-extreme","status":"publish","type":"post","link":"https:\/\/monbitcoin.fr\/index.php\/2026\/02\/06\/le-marche-crypto-bascule-dans-la-peur-extreme\/","title":{"rendered":"Le march\u00e9 crypto bascule dans la peur extr\u00eame\u2009!"},"content":{"rendered":"<div>\n<div><img loading=\"lazy\" width=\"1200\" height=\"800\" src=\"https:\/\/www.cointribune.com\/app\/uploads\/2026\/02\/Crypto-Peur-Etreme.png\" class=\"attachment-full size-full wp-post-image\" alt=\"Un thermom\u00e8tre de peur explosant dans la zone de peur extr\u00eame, avec des traders crypto affol\u00e9s en fond.\" decoding=\"async\" style=\"margin-bottom: 15px;\" srcset=\"https:\/\/www.cointribune.com\/app\/uploads\/2026\/02\/Crypto-Peur-Etreme.png 1200w, https:\/\/www.cointribune.com\/app\/uploads\/2026\/02\/Crypto-Peur-Etreme-300x200.png 300w, https:\/\/www.cointribune.com\/app\/uploads\/2026\/02\/Crypto-Peur-Etreme-1024x683.png 1024w, https:\/\/www.cointribune.com\/app\/uploads\/2026\/02\/Crypto-Peur-Etreme-768x512.png 768w\" sizes=\"(max-width: 1200px) 100vw, 1200px\"><\/div>\n<p>Le march\u00e9 crypto a brutalement d\u00e9croch\u00e9. En quelques heures, les principaux actifs ont perdu plusieurs mois de gains, ramenant le bitcoin, Ethereum et Solana \u00e0 des niveaux oubli\u00e9s. Apr\u00e8s l\u2019\u00e9lan de 2025, les investisseurs esp\u00e9raient une consolidation. C\u2019est une vague de panique qui s\u2019est impos\u00e9e. Plus de 2 milliards de dollars ont \u00e9t\u00e9 liquid\u00e9s, r\u00e9v\u00e9lant un climat de peur extr\u00eame. L\u2019ensemble de l\u2019\u00e9cosyst\u00e8me est touch\u00e9, des tokens aux actions cot\u00e9es, sans distinction. <\/p>\n<p>L\u2019article <a rel=\"nofollow\" href=\"https:\/\/www.cointribune.com\/le-marche-crypto-bascule-dans-la-peur-extreme\/\">Le march\u00e9 crypto bascule dans la peur extr\u00eame\u2009!<\/a> est apparu en premier sur <a rel=\"nofollow\" href=\"https:\/\/www.cointribune.com\/\">Cointribune<\/a>.<\/p>\n<\/div>\n","protected":false},"excerpt":{"rendered":"<p>Le march\u00e9 crypto a brutalement d\u00e9croch\u00e9. En quelques heures, les principaux actifs ont perdu plusieurs mois de gains, ramenant le&#8230;<\/p>\n","protected":false},"author":1,"featured_media":0,"comment_status":"closed","ping_status":"closed","sticky":false,"template":"","format":"standard","meta":{"footnotes":""},"categories":[3],"tags":[],"class_list":["post-11678","post","type-post","status-publish","format-standard","hentry","category-dernier-articles","wpcat-3-id"],"_links":{"self":[{"href":"https:\/\/monbitcoin.fr\/index.php\/wp-json\/wp\/v2\/posts\/11678"}],"collection":[{"href":"https:\/\/monbitcoin.fr\/index.php\/wp-json\/wp\/v2\/posts"}],"about":[{"href":"https:\/\/monbitcoin.fr\/index.php\/wp-json\/wp\/v2\/types\/post"}],"author":[{"embeddable":true,"href":"https:\/\/monbitcoin.fr\/index.php\/wp-json\/wp\/v2\/users\/1"}],"replies":[{"embeddable":true,"href":"https:\/\/monbitcoin.fr\/index.php\/wp-json\/wp\/v2\/comments?post=11678"}],"version-history":[{"count":0,"href":"https:\/\/monbitcoin.fr\/index.php\/wp-json\/wp\/v2\/posts\/11678\/revisions"}],"wp:attachment":[{"href":"https:\/\/monbitcoin.fr\/index.php\/wp-json\/wp\/v2\/media?parent=11678"}],"wp:term":[{"taxonomy":"category","embeddable":true,"href":"https:\/\/monbitcoin.fr\/index.php\/wp-json\/wp\/v2\/categories?post=11678"},{"taxonomy":"post_tag","embeddable":true,"href":"https:\/\/monbitcoin.fr\/index.php\/wp-json\/wp\/v2\/tags?post=11678"}],"curies":[{"name":"wp","href":"https:\/\/api.w.org\/{rel}","templated":true}]}}