{"id":1120,"date":"2024-11-16T17:30:06","date_gmt":"2024-11-16T16:30:06","guid":{"rendered":"https:\/\/monbitcoin.fr\/index.php\/2024\/11\/16\/crypto-2025-lannee-de-solana-vaneck-annonce-un-potentiel-etf-revolutionnaire\/"},"modified":"2024-11-16T17:30:06","modified_gmt":"2024-11-16T16:30:06","slug":"crypto-2025-lannee-de-solana-vaneck-annonce-un-potentiel-etf-revolutionnaire","status":"publish","type":"post","link":"https:\/\/monbitcoin.fr\/index.php\/2024\/11\/16\/crypto-2025-lannee-de-solana-vaneck-annonce-un-potentiel-etf-revolutionnaire\/","title":{"rendered":"Crypto : 2025, l\u2019ann\u00e9e de Solana\u2009? VanEck annonce un potentiel ETF r\u00e9volutionnaire\u2009!"},"content":{"rendered":"<div>\n<div><img loading=\"lazy\" width=\"1200\" height=\"800\" src=\"https:\/\/www.cointribune.com\/app\/uploads\/2024\/11\/Sinapi-237.png\" class=\"attachment-full size-full wp-post-image\" alt=\"Une foule contemplant un immense logo de Solana illumin\u00e9 dans le ciel, avec des graphiques financiers relatifs \u00e0 la crypto en arri\u00e8re-plan.\" decoding=\"async\" style=\"margin-bottom: 15px;\" srcset=\"https:\/\/www.cointribune.com\/app\/uploads\/2024\/11\/Sinapi-237.png 1200w, https:\/\/www.cointribune.com\/app\/uploads\/2024\/11\/Sinapi-237-300x200.png 300w, https:\/\/www.cointribune.com\/app\/uploads\/2024\/11\/Sinapi-237-1024x683.png 1024w, https:\/\/www.cointribune.com\/app\/uploads\/2024\/11\/Sinapi-237-768x512.png 768w\" sizes=\"(max-width: 1200px) 100vw, 1200px\"><\/div>\n<p>La course aux ETF crypto prend un virage d\u00e9cisif. Tandis que les \u00c9tats-Unis peinent \u00e0 approuver des fonds autres que ceux li\u00e9s au Bitcoin et \u00e0 l\u2019Ether, un optimisme prudent entoure d\u00e9sormais Solana. Selon Matthew Sigel, responsable de la recherche sur les cryptos chez VanEck, les chances d\u2019une approbation d\u2019un ETF Solana avant la fin 2025 sont \u00ab\u2009importantes\u2009\u00bb. Cet enjeu d\u00e9passe le cadre technique, car il illustre un potentiel changement d\u2019attitude r\u00e9glementaire, favoris\u00e9 par des bouleversements politiques r\u00e9cents et une dynamique de march\u00e9 croissante. <\/p>\n<p>L\u2019article <a rel=\"nofollow\" href=\"https:\/\/www.cointribune.com\/crypto-2025-lannee-de-solana-vaneck-annonce-un-potentiel-etf-revolutionnaire\/\">Crypto : 2025, l\u2019ann\u00e9e de Solana\u2009? VanEck annonce un potentiel ETF r\u00e9volutionnaire\u2009!<\/a> est apparu en premier sur <a rel=\"nofollow\" href=\"https:\/\/www.cointribune.com\/\">Cointribune<\/a>.<\/p>\n<\/div>\n","protected":false},"excerpt":{"rendered":"<p>La course aux ETF crypto prend un virage d\u00e9cisif. Tandis que les \u00c9tats-Unis peinent \u00e0 approuver des fonds autres que&#8230;<\/p>\n","protected":false},"author":1,"featured_media":0,"comment_status":"closed","ping_status":"closed","sticky":false,"template":"","format":"standard","meta":{"footnotes":""},"categories":[3],"tags":[],"class_list":["post-1120","post","type-post","status-publish","format-standard","hentry","category-dernier-articles","wpcat-3-id"],"_links":{"self":[{"href":"https:\/\/monbitcoin.fr\/index.php\/wp-json\/wp\/v2\/posts\/1120"}],"collection":[{"href":"https:\/\/monbitcoin.fr\/index.php\/wp-json\/wp\/v2\/posts"}],"about":[{"href":"https:\/\/monbitcoin.fr\/index.php\/wp-json\/wp\/v2\/types\/post"}],"author":[{"embeddable":true,"href":"https:\/\/monbitcoin.fr\/index.php\/wp-json\/wp\/v2\/users\/1"}],"replies":[{"embeddable":true,"href":"https:\/\/monbitcoin.fr\/index.php\/wp-json\/wp\/v2\/comments?post=1120"}],"version-history":[{"count":0,"href":"https:\/\/monbitcoin.fr\/index.php\/wp-json\/wp\/v2\/posts\/1120\/revisions"}],"wp:attachment":[{"href":"https:\/\/monbitcoin.fr\/index.php\/wp-json\/wp\/v2\/media?parent=1120"}],"wp:term":[{"taxonomy":"category","embeddable":true,"href":"https:\/\/monbitcoin.fr\/index.php\/wp-json\/wp\/v2\/categories?post=1120"},{"taxonomy":"post_tag","embeddable":true,"href":"https:\/\/monbitcoin.fr\/index.php\/wp-json\/wp\/v2\/tags?post=1120"}],"curies":[{"name":"wp","href":"https:\/\/api.w.org\/{rel}","templated":true}]}}